{"id":2017,"date":"2017-11-15T09:25:52","date_gmt":"2017-11-15T09:25:52","guid":{"rendered":"https:\/\/donesidrets.uab.cat\/?p=2017"},"modified":"2019-10-14T11:39:06","modified_gmt":"2019-10-14T11:39:06","slug":"ix-jornada-2011-2","status":"publish","type":"post","link":"https:\/\/donesidrets.uab.cat\/index.php\/2017\/11\/15\/ix-jornada-2011-2\/","title":{"rendered":"Jornada interdisciplinar de Formaci\u00f3 i Treball: Com expliquem Dret amb perspectiva de G\u00e8nere(s)?"},"content":{"rendered":"\n<p class=\"has-drop-cap\">La Llei 1\/2003, del 19 de febrer, d\u2019 universitats de Catalunya en el seu article, 5, introdueix l\u2019educaci\u00f3 en valors per tal de contribuir en l\u2019entorn universitari, al desenvolupament de les capacitats dels estudiants com a part integral de llur proc\u00e9s global d\u2019aprenentatge i formaci\u00f3. Les universitats han d\u2019estimular i donar suport a les iniciatives complement\u00e0ries de l\u2019ensenyament oficial que comportin la transmissi\u00f3 de valors de llibertat, responsabilitat, conviv\u00e8ncia, solidaritat, participaci\u00f3 i ciutadania plena.  <\/p>\n\n\n\n<p>La Llei 17\/2015, del 21 de juliol d\u00b4igualtat efectiva de dones i homes estableix en el seu article 28 a): \u201cLa promoci\u00f3 de la introducci\u00f3 de la perspectiva de g\u00e8nere d\u2019una manera transversal i dels estudis sobre la contribuci\u00f3 de les dones al llarg de la hist\u00f2ria en tots el \u00e0mbits del coneixement i en l\u2019activitat acad\u00e8mica i investigadora, que s\u2019 han d\u2019 incloure en el curr\u00edculum dels graus i dels programes de postgrau. La presentaci\u00f3 de les sol\u00b7licituds d\u2019 acreditaci\u00f3 dels graus i postgraus ha d\u2019anar acompanyada d\u2019 un informe que detalli, si s\u2019escau, com s\u2019ha incorporat la perspectiva de g\u00e8nere en el pla d\u2019estudis o, si no s\u2019ha fet, del pla de millora previst per a fer-ho possible\u201d. <\/p>\n\n\n\n<p>Les mesures del Tercer pla d\u2019acci\u00f3 per a la igualtat entre dones i homes de la Universitat Aut\u00f2noma de Barcelona (2013-2017), Document aprovat per el Consell de Govern el 17 de juliol de 2013 estableix en l\u2019 Eix 3, la Promoci\u00f3 de la perspectiva de g\u00e8nere en l\u2019ensenyament i la recerca i en la Mesura 3.8 Explicitar la perspectiva de g\u00e8nere en l\u2019elaboraci\u00f3 de les guies docents i els programes de les assignatures des d\u2019 un model d\u2019universitat  inclusiva. Afavorir la publicaci\u00f3 de materials per a la doc\u00e8ncia que tinguin en compte la perspectiva de g\u00e8nere.<\/p>\n\n\n\n<p>La q\u00fcesti\u00f3 que encap\u00e7ala aquesta Jornada es fruit d\u2019 una reflexi\u00f3 davant de les normes anteriors.  El Grup interdisciplinari de Dones i Drets de la Facultat de Dret planteja un debat des de diferents \u00e0mbits de la doc\u00e8ncia del Dret i permet obrir un espai de discussi\u00f3  entre el professorat a fi de facilitar la inclusi\u00f3 de la perspectiva de g\u00e8nere(s) en les nostres mat\u00e8ries.<\/p>\n\n\n\n<p>El Grau de Dret compta en el seu pla d\u2019 estudis amb una assignatura optativa tancada \u201cDret i g\u00e8nere\u201d i el Grau de Criminologia una mat\u00e8ria semblant \u201cDret i Criminologia\u201d; per la seva banda el Grau de Relacions Laborals compta tamb\u00e9 d\u2019 una assignatura optativa amb un contingut clar al g\u00e8nere \u201cGesti\u00f3 Jur\u00eddica de la Diversitat a l\u2019 Empresa\u201d.  L\u2019 inter\u00e8s de la Jornada es activar aquesta visi\u00f3 en la doc\u00e8ncia de totes les disciplines jur\u00eddiques. <\/p>\n\n\n\n<p><strong>PROGRAMA DE LA JORNADA<\/strong><br> S\u2019 organitzar\u00e0 amb un pon\u00e8ncia inaugural a c\u00e0rrec d\u2019 alguna personalitat experta en aquest tipus d\u2019 enfoc en la doc\u00e8ncia tradicional i en quatre taules rodones integrada per diferents unitats de coneixement de la nostra Facultat que presentaran les seves experi\u00e8ncies i els futurs projectes. Hi haur\u00e0 un\/a relator\/a  cada taula que far\u00e0 el resum al final de la Jornada.<br> Lloc: a determinar Sala de Juntes o Aula Magna.<\/p>\n\n\n\n<p><a rel=\"noreferrer noopener\" aria-label=\" (s'obre en una nova pestanya)\" href=\"https:\/\/donesidrets.uab.cat\/wp-content\/uploads\/2019\/05\/Jornada2017.pdf\" target=\"_blank\">Programa de la jornada<\/a><\/p>\n\n\n\n<div class=\"wp-block-image\"><figure class=\"aligncenter\"><img loading=\"lazy\" decoding=\"async\" width=\"500\" height=\"275\" src=\"https:\/\/donesidrets.uab.cat\/wp-content\/uploads\/2019\/05\/SalaJuntes.jpg\" alt=\"\" class=\"wp-image-2023\" srcset=\"https:\/\/donesidrets.uab.cat\/wp-content\/uploads\/2019\/05\/SalaJuntes.jpg 500w, https:\/\/donesidrets.uab.cat\/wp-content\/uploads\/2019\/05\/SalaJuntes-300x165.jpg 300w\" sizes=\"auto, (max-width: 500px) 100vw, 500px\" \/><\/figure><\/div>\n","protected":false},"excerpt":{"rendered":"<p>Com expliquem Dret amb perspectiva de G\u00e8nere(s)?<\/p>\n","protected":false},"author":1,"featured_media":2030,"comment_status":"closed","ping_status":"open","sticky":false,"template":"","format":"standard","meta":{"_uag_custom_page_level_css":"","site-sidebar-layout":"default","site-content-layout":"default","ast-site-content-layout":"","site-content-style":"default","site-sidebar-style":"default","ast-global-header-display":"","ast-banner-title-visibility":"","ast-main-header-display":"","ast-hfb-above-header-display":"","ast-hfb-below-header-display":"","ast-hfb-mobile-header-display":"","site-post-title":"","ast-breadcrumbs-content":"","ast-featured-img":"disabled","footer-sml-layout":"","theme-transparent-header-meta":"default","adv-header-id-meta":"","stick-header-meta":"","header-above-stick-meta":"","header-main-stick-meta":"","header-below-stick-meta":"","astra-migrate-meta-layouts":"default","ast-page-background-enabled":"default","ast-page-background-meta":{"desktop":{"background-color":"","background-image":"","background-repeat":"repeat","background-position":"center center","background-size":"auto","background-attachment":"scroll","background-type":"","background-media":"","overlay-type":"","overlay-color":"","overlay-opacity":"","overlay-gradient":""},"tablet":{"background-color":"","background-image":"","background-repeat":"repeat","background-position":"center center","background-size":"auto","background-attachment":"scroll","background-type":"","background-media":"","overlay-type":"","overlay-color":"","overlay-opacity":"","overlay-gradient":""},"mobile":{"background-color":"","background-image":"","background-repeat":"repeat","background-position":"center center","background-size":"auto","background-attachment":"scroll","background-type":"","background-media":"","overlay-type":"","overlay-color":"","overlay-opacity":"","overlay-gradient":""}},"ast-content-background-meta":{"desktop":{"background-color":"var(--ast-global-color-5)","background-image":"","background-repeat":"repeat","background-position":"center center","background-size":"auto","background-attachment":"scroll","background-type":"","background-media":"","overlay-type":"","overlay-color":"","overlay-opacity":"","overlay-gradient":""},"tablet":{"background-color":"var(--ast-global-color-5)","background-image":"","background-repeat":"repeat","background-position":"center center","background-size":"auto","background-attachment":"scroll","background-type":"","background-media":"","overlay-type":"","overlay-color":"","overlay-opacity":"","overlay-gradient":""},"mobile":{"background-color":"var(--ast-global-color-5)","background-image":"","background-repeat":"repeat","background-position":"center center","background-size":"auto","background-attachment":"scroll","background-type":"","background-media":"","overlay-type":"","overlay-color":"","overlay-opacity":"","overlay-gradient":""}},"footnotes":""},"categories":[5],"tags":[],"class_list":["post-2017","post","type-post","status-publish","format-standard","has-post-thumbnail","hentry","category-jornades"],"uagb_featured_image_src":{"full":["https:\/\/donesidrets.uab.cat\/wp-content\/uploads\/2019\/05\/Jornda2017.jpg",640,426,false],"thumbnail":["https:\/\/donesidrets.uab.cat\/wp-content\/uploads\/2019\/05\/Jornda2017-150x150.jpg",150,150,true],"medium":["https:\/\/donesidrets.uab.cat\/wp-content\/uploads\/2019\/05\/Jornda2017-300x200.jpg",300,200,true],"medium_large":["https:\/\/donesidrets.uab.cat\/wp-content\/uploads\/2019\/05\/Jornda2017.jpg",640,426,false],"large":["https:\/\/donesidrets.uab.cat\/wp-content\/uploads\/2019\/05\/Jornda2017.jpg",640,426,false],"1536x1536":["https:\/\/donesidrets.uab.cat\/wp-content\/uploads\/2019\/05\/Jornda2017.jpg",640,426,false],"2048x2048":["https:\/\/donesidrets.uab.cat\/wp-content\/uploads\/2019\/05\/Jornda2017.jpg",640,426,false]},"uagb_author_info":{"display_name":"admin","author_link":"https:\/\/donesidrets.uab.cat\/index.php\/author\/admin\/"},"uagb_comment_info":0,"uagb_excerpt":"Com expliquem Dret amb perspectiva de G\u00e8nere(s)?","_links":{"self":[{"href":"https:\/\/donesidrets.uab.cat\/index.php\/wp-json\/wp\/v2\/posts\/2017","targetHints":{"allow":["GET"]}}],"collection":[{"href":"https:\/\/donesidrets.uab.cat\/index.php\/wp-json\/wp\/v2\/posts"}],"about":[{"href":"https:\/\/donesidrets.uab.cat\/index.php\/wp-json\/wp\/v2\/types\/post"}],"author":[{"embeddable":true,"href":"https:\/\/donesidrets.uab.cat\/index.php\/wp-json\/wp\/v2\/users\/1"}],"replies":[{"embeddable":true,"href":"https:\/\/donesidrets.uab.cat\/index.php\/wp-json\/wp\/v2\/comments?post=2017"}],"version-history":[{"count":4,"href":"https:\/\/donesidrets.uab.cat\/index.php\/wp-json\/wp\/v2\/posts\/2017\/revisions"}],"predecessor-version":[{"id":2024,"href":"https:\/\/donesidrets.uab.cat\/index.php\/wp-json\/wp\/v2\/posts\/2017\/revisions\/2024"}],"wp:featuredmedia":[{"embeddable":true,"href":"https:\/\/donesidrets.uab.cat\/index.php\/wp-json\/wp\/v2\/media\/2030"}],"wp:attachment":[{"href":"https:\/\/donesidrets.uab.cat\/index.php\/wp-json\/wp\/v2\/media?parent=2017"}],"wp:term":[{"taxonomy":"category","embeddable":true,"href":"https:\/\/donesidrets.uab.cat\/index.php\/wp-json\/wp\/v2\/categories?post=2017"},{"taxonomy":"post_tag","embeddable":true,"href":"https:\/\/donesidrets.uab.cat\/index.php\/wp-json\/wp\/v2\/tags?post=2017"}],"curies":[{"name":"wp","href":"https:\/\/api.w.org\/{rel}","templated":true}]}}