{"id":2161,"date":"2019-05-17T08:04:31","date_gmt":"2019-05-17T08:04:31","guid":{"rendered":"https:\/\/donesidrets.uab.cat\/?p=2161"},"modified":"2019-10-14T11:39:06","modified_gmt":"2019-10-14T11:39:06","slug":"dona-inmigrant-i-drets","status":"publish","type":"post","link":"https:\/\/donesidrets.uab.cat\/index.php\/2019\/05\/17\/dona-inmigrant-i-drets\/","title":{"rendered":"Dona immigrant i drets"},"content":{"rendered":"\n<p>Recull de les pon\u00e8ncies presentades a les jornades sobre la Dona immigrant i Drets, celebrades a la Facultat de Dret de la UAB.<\/p>\n\n\n\n<p>La Facultat de Dret de la Universitat Aut\u00f2noma de Barcelona ha consolidatla celebraci\u00f3 anual del dia de la dona. El curs 2003-2004 es van organitzar unes jornades plantejades sobre la base d&#8217;un aspecte concret d&#8217;especial import\u00e0ncia pels juristes, per\u00f2 tamb\u00e9 per a la societat en general: la situaci\u00f3 de la dona immigrant. La societat multicultural presenta al nostre entorn una problem\u00e0tica espec\u00edfica que afecta molt especialmente a la dona immigrant. La q\u00fcesti\u00f3 que cal plantejar-se consisteix en valorar fins a quin punt el nostre sistema jur\u00eddic disposa dels instruments adients per protegir els seus drets m\u00e9s elementals. <\/p>\n\n\n\n<p><\/p>\n\n\n\n<div class=\"wp-block-image\"><figure class=\"aligncenter is-resized\"><img loading=\"lazy\" decoding=\"async\" src=\"https:\/\/donesidrets.uab.cat\/wp-content\/uploads\/2019\/05\/DonaInmigrant-1.jpg\" alt=\"\" class=\"wp-image-2005\" width=\"387\" height=\"544\" srcset=\"https:\/\/donesidrets.uab.cat\/wp-content\/uploads\/2019\/05\/DonaInmigrant-1.jpg 427w, https:\/\/donesidrets.uab.cat\/wp-content\/uploads\/2019\/05\/DonaInmigrant-1-214x300.jpg 214w\" sizes=\"auto, (max-width: 387px) 100vw, 387px\" \/><\/figure><\/div>\n\n\n\n<p><a href=\"https:\/\/www.marcialpons.es\/libros\/dona-immigrant-i-drets\/9788495860347\/\" target=\"_blank\" rel=\"noreferrer noopener\" aria-label=\" (s'obre en una nova pestanya)\">M\u00e9s informaci\u00f3<\/a><\/p>\n","protected":false},"excerpt":{"rendered":"<p>Recull de les pon\u00e8ncies presentades a les jornades sobre la Dona immigrant i Drets, celebrades a la Facultat de Dret de la UAB. La Facultat de Dret de la Universitat Aut\u00f2noma de Barcelona ha consolidatla celebraci\u00f3 anual del dia de la dona. El curs 2003-2004 es van organitzar unes jornades plantejades sobre la base d&#8217;un [&hellip;]<\/p>\n","protected":false},"author":1,"featured_media":0,"comment_status":"closed","ping_status":"open","sticky":false,"template":"","format":"standard","meta":{"_uag_custom_page_level_css":"","site-sidebar-layout":"default","site-content-layout":"default","ast-site-content-layout":"","site-content-style":"default","site-sidebar-style":"default","ast-global-header-display":"","ast-banner-title-visibility":"","ast-main-header-display":"","ast-hfb-above-header-display":"","ast-hfb-below-header-display":"","ast-hfb-mobile-header-display":"","site-post-title":"","ast-breadcrumbs-content":"","ast-featured-img":"","footer-sml-layout":"","theme-transparent-header-meta":"default","adv-header-id-meta":"","stick-header-meta":"","header-above-stick-meta":"","header-main-stick-meta":"","header-below-stick-meta":"","astra-migrate-meta-layouts":"default","ast-page-background-enabled":"default","ast-page-background-meta":{"desktop":{"background-color":"","background-image":"","background-repeat":"repeat","background-position":"center center","background-size":"auto","background-attachment":"scroll","background-type":"","background-media":"","overlay-type":"","overlay-color":"","overlay-opacity":"","overlay-gradient":""},"tablet":{"background-color":"","background-image":"","background-repeat":"repeat","background-position":"center center","background-size":"auto","background-attachment":"scroll","background-type":"","background-media":"","overlay-type":"","overlay-color":"","overlay-opacity":"","overlay-gradient":""},"mobile":{"background-color":"","background-image":"","background-repeat":"repeat","background-position":"center center","background-size":"auto","background-attachment":"scroll","background-type":"","background-media":"","overlay-type":"","overlay-color":"","overlay-opacity":"","overlay-gradient":""}},"ast-content-background-meta":{"desktop":{"background-color":"var(--ast-global-color-5)","background-image":"","background-repeat":"repeat","background-position":"center center","background-size":"auto","background-attachment":"scroll","background-type":"","background-media":"","overlay-type":"","overlay-color":"","overlay-opacity":"","overlay-gradient":""},"tablet":{"background-color":"var(--ast-global-color-5)","background-image":"","background-repeat":"repeat","background-position":"center center","background-size":"auto","background-attachment":"scroll","background-type":"","background-media":"","overlay-type":"","overlay-color":"","overlay-opacity":"","overlay-gradient":""},"mobile":{"background-color":"var(--ast-global-color-5)","background-image":"","background-repeat":"repeat","background-position":"center center","background-size":"auto","background-attachment":"scroll","background-type":"","background-media":"","overlay-type":"","overlay-color":"","overlay-opacity":"","overlay-gradient":""}},"footnotes":""},"categories":[7],"tags":[],"class_list":["post-2161","post","type-post","status-publish","format-standard","hentry","category-llibres"],"uagb_featured_image_src":{"full":false,"thumbnail":false,"medium":false,"medium_large":false,"large":false,"1536x1536":false,"2048x2048":false},"uagb_author_info":{"display_name":"admin","author_link":"https:\/\/donesidrets.uab.cat\/index.php\/author\/admin\/"},"uagb_comment_info":0,"uagb_excerpt":"Recull de les pon\u00e8ncies presentades a les jornades sobre la Dona immigrant i Drets, celebrades a la Facultat de Dret de la UAB. La Facultat de Dret de la Universitat Aut\u00f2noma de Barcelona ha consolidatla celebraci\u00f3 anual del dia de la dona. El curs 2003-2004 es van organitzar unes jornades plantejades sobre la base d&#8217;un&hellip;","_links":{"self":[{"href":"https:\/\/donesidrets.uab.cat\/index.php\/wp-json\/wp\/v2\/posts\/2161","targetHints":{"allow":["GET"]}}],"collection":[{"href":"https:\/\/donesidrets.uab.cat\/index.php\/wp-json\/wp\/v2\/posts"}],"about":[{"href":"https:\/\/donesidrets.uab.cat\/index.php\/wp-json\/wp\/v2\/types\/post"}],"author":[{"embeddable":true,"href":"https:\/\/donesidrets.uab.cat\/index.php\/wp-json\/wp\/v2\/users\/1"}],"replies":[{"embeddable":true,"href":"https:\/\/donesidrets.uab.cat\/index.php\/wp-json\/wp\/v2\/comments?post=2161"}],"version-history":[{"count":2,"href":"https:\/\/donesidrets.uab.cat\/index.php\/wp-json\/wp\/v2\/posts\/2161\/revisions"}],"predecessor-version":[{"id":2164,"href":"https:\/\/donesidrets.uab.cat\/index.php\/wp-json\/wp\/v2\/posts\/2161\/revisions\/2164"}],"wp:attachment":[{"href":"https:\/\/donesidrets.uab.cat\/index.php\/wp-json\/wp\/v2\/media?parent=2161"}],"wp:term":[{"taxonomy":"category","embeddable":true,"href":"https:\/\/donesidrets.uab.cat\/index.php\/wp-json\/wp\/v2\/categories?post=2161"},{"taxonomy":"post_tag","embeddable":true,"href":"https:\/\/donesidrets.uab.cat\/index.php\/wp-json\/wp\/v2\/tags?post=2161"}],"curies":[{"name":"wp","href":"https:\/\/api.w.org\/{rel}","templated":true}]}}