{"id":2363,"date":"2017-10-06T11:10:33","date_gmt":"2017-10-06T11:10:33","guid":{"rendered":"https:\/\/donesidrets.uab.cat\/?p=2363"},"modified":"2019-10-14T11:39:06","modified_gmt":"2019-10-14T11:39:06","slug":"la-inauguracio-de-curs-2017-2018","status":"publish","type":"post","link":"https:\/\/donesidrets.uab.cat\/index.php\/2017\/10\/06\/la-inauguracio-de-curs-2017-2018\/","title":{"rendered":"la Inauguraci\u00f3 de curs 2017-2018"},"content":{"rendered":"\n<p>El passat dia 20 de setembre al Deganat de la Facultat de Dret, abans de la inauguraci\u00f3 oficial del curs 2017-2018, &nbsp;va tenir lloc la signatura d\u2019un conveni entre la Universitat Aut\u00f2noma de Barcelona, representada per la Rectora, Dra. Margarita Arboix i la Presidenta del Consejo General de la Abogac\u00eda Espa\u00f1ola, Sra. Victoria Ortega. L\u2019 objecte d\u2019aquest conveni \u00e9s establir el marc de col\u00b7laboraci\u00f3 entre ambdues institucions en els aspectes acad\u00e8mics, professionals i de recerca.<\/p>\n\n\n\n<p>A continuaci\u00f3 \u00e9s van signar per part de la degana de la Facultat de Dret, Dra. Esther Zapater i de la Presidenta del Consejo General de la Abogac\u00eda Espa\u00f1ola, Sra. Victoria Ortega,&nbsp; les bases per premiar per part del Consejo General de la Abogac\u00eda Espa\u00f1ola els millors Treballs de Fi de Grau&nbsp; dels estudis de Dret en dret p\u00fablic, en dret privat i en ci\u00e8ncies hist\u00f2rico-jur\u00eddiques. Aquest premi fomentar\u00e0 l\u2019 inter\u00e8s per la investigaci\u00f3 en totes les disciplines jur\u00eddiques i les seves repercussions socials.<\/p>\n\n\n\n<p>La Sra. Victoria Ortega va dictar la lli\u00e7\u00f3 inaugural del curs 2017-2018 sobre \u201dEl techo de cristal en la abogac\u00eda\u201d on va desenvolupar tant les dificultats hist\u00f2riques de l\u2019 acc\u00e9s de les dones a la vida universit\u00e0ria com els obstacles actuals que dificulten la carrera professional femenina. &nbsp;Va comentar situacions reals (Hillary Clinton vs. Donald Trump, malalties femenines, pres\u00e8ncia femenina al Tribunal Suprem) i a la diferent terminologia emprada: sostre de vidre, precipici de vidre, terra enganx\u00f3s&#8230;La confer\u00e8ncia va ser seguida amb molt inter\u00e8s pel professorat i per els alumnes.<\/p>\n\n\n\n<ul class=\"wp-block-gallery columns-3 is-cropped wp-block-gallery-1 is-layout-flex wp-block-gallery-is-layout-flex\"><li class=\"blocks-gallery-item\"><figure><img loading=\"lazy\" decoding=\"async\" width=\"450\" height=\"300\" src=\"https:\/\/donesidrets.uab.cat\/wp-content\/uploads\/2019\/05\/3Ortega.jpg\" alt=\"\" data-id=\"2366\" data-link=\"https:\/\/donesidrets.uab.cat\/index.php\/2019\/05\/23\/la-inauguracio-de-curs-2017-2018\/3ortega\/\" class=\"wp-image-2366\" srcset=\"https:\/\/donesidrets.uab.cat\/wp-content\/uploads\/2019\/05\/3Ortega.jpg 450w, https:\/\/donesidrets.uab.cat\/wp-content\/uploads\/2019\/05\/3Ortega-300x200.jpg 300w\" sizes=\"auto, (max-width: 450px) 100vw, 450px\" \/><\/figure><\/li><li class=\"blocks-gallery-item\"><figure><img loading=\"lazy\" decoding=\"async\" width=\"450\" height=\"300\" src=\"https:\/\/donesidrets.uab.cat\/wp-content\/uploads\/2019\/05\/2Ortega.jpg\" alt=\"\" data-id=\"2367\" data-link=\"https:\/\/donesidrets.uab.cat\/index.php\/2019\/05\/23\/la-inauguracio-de-curs-2017-2018\/2ortega\/\" class=\"wp-image-2367\" srcset=\"https:\/\/donesidrets.uab.cat\/wp-content\/uploads\/2019\/05\/2Ortega.jpg 450w, https:\/\/donesidrets.uab.cat\/wp-content\/uploads\/2019\/05\/2Ortega-300x200.jpg 300w\" sizes=\"auto, (max-width: 450px) 100vw, 450px\" \/><\/figure><\/li><li class=\"blocks-gallery-item\"><figure><img loading=\"lazy\" decoding=\"async\" width=\"480\" height=\"270\" src=\"https:\/\/donesidrets.uab.cat\/wp-content\/uploads\/2019\/05\/Ortega-1.jpg\" alt=\"\" data-id=\"2368\" data-link=\"https:\/\/donesidrets.uab.cat\/index.php\/2019\/05\/23\/la-inauguracio-de-curs-2017-2018\/ortega-1\/\" class=\"wp-image-2368\" srcset=\"https:\/\/donesidrets.uab.cat\/wp-content\/uploads\/2019\/05\/Ortega-1.jpg 480w, https:\/\/donesidrets.uab.cat\/wp-content\/uploads\/2019\/05\/Ortega-1-300x169.jpg 300w\" sizes=\"auto, (max-width: 480px) 100vw, 480px\" \/><\/figure><\/li><\/ul>\n","protected":false},"excerpt":{"rendered":"<p>El passat dia 20 de setembre al Deganat de la Facultat de Dret, abans de la inauguraci\u00f3 oficial del curs 2017-2018<\/p>\n","protected":false},"author":1,"featured_media":2364,"comment_status":"closed","ping_status":"open","sticky":false,"template":"","format":"standard","meta":{"_uag_custom_page_level_css":"","site-sidebar-layout":"default","site-content-layout":"default","ast-site-content-layout":"","site-content-style":"default","site-sidebar-style":"default","ast-global-header-display":"","ast-banner-title-visibility":"","ast-main-header-display":"","ast-hfb-above-header-display":"","ast-hfb-below-header-display":"","ast-hfb-mobile-header-display":"","site-post-title":"","ast-breadcrumbs-content":"","ast-featured-img":"disabled","footer-sml-layout":"","theme-transparent-header-meta":"default","adv-header-id-meta":"","stick-header-meta":"","header-above-stick-meta":"","header-main-stick-meta":"","header-below-stick-meta":"","astra-migrate-meta-layouts":"default","ast-page-background-enabled":"default","ast-page-background-meta":{"desktop":{"background-color":"","background-image":"","background-repeat":"repeat","background-position":"center center","background-size":"auto","background-attachment":"scroll","background-type":"","background-media":"","overlay-type":"","overlay-color":"","overlay-opacity":"","overlay-gradient":""},"tablet":{"background-color":"","background-image":"","background-repeat":"repeat","background-position":"center center","background-size":"auto","background-attachment":"scroll","background-type":"","background-media":"","overlay-type":"","overlay-color":"","overlay-opacity":"","overlay-gradient":""},"mobile":{"background-color":"","background-image":"","background-repeat":"repeat","background-position":"center center","background-size":"auto","background-attachment":"scroll","background-type":"","background-media":"","overlay-type":"","overlay-color":"","overlay-opacity":"","overlay-gradient":""}},"ast-content-background-meta":{"desktop":{"background-color":"var(--ast-global-color-5)","background-image":"","background-repeat":"repeat","background-position":"center center","background-size":"auto","background-attachment":"scroll","background-type":"","background-media":"","overlay-type":"","overlay-color":"","overlay-opacity":"","overlay-gradient":""},"tablet":{"background-color":"var(--ast-global-color-5)","background-image":"","background-repeat":"repeat","background-position":"center center","background-size":"auto","background-attachment":"scroll","background-type":"","background-media":"","overlay-type":"","overlay-color":"","overlay-opacity":"","overlay-gradient":""},"mobile":{"background-color":"var(--ast-global-color-5)","background-image":"","background-repeat":"repeat","background-position":"center center","background-size":"auto","background-attachment":"scroll","background-type":"","background-media":"","overlay-type":"","overlay-color":"","overlay-opacity":"","overlay-gradient":""}},"footnotes":""},"categories":[4,5],"tags":[],"class_list":["post-2363","post","type-post","status-publish","format-standard","has-post-thumbnail","hentry","category-altres-activitats","category-jornades"],"uagb_featured_image_src":{"full":["https:\/\/donesidrets.uab.cat\/wp-content\/uploads\/2019\/05\/Ortega.jpg",480,270,false],"thumbnail":["https:\/\/donesidrets.uab.cat\/wp-content\/uploads\/2019\/05\/Ortega-150x150.jpg",150,150,true],"medium":["https:\/\/donesidrets.uab.cat\/wp-content\/uploads\/2019\/05\/Ortega-300x169.jpg",300,169,true],"medium_large":["https:\/\/donesidrets.uab.cat\/wp-content\/uploads\/2019\/05\/Ortega.jpg",480,270,false],"large":["https:\/\/donesidrets.uab.cat\/wp-content\/uploads\/2019\/05\/Ortega.jpg",480,270,false],"1536x1536":["https:\/\/donesidrets.uab.cat\/wp-content\/uploads\/2019\/05\/Ortega.jpg",480,270,false],"2048x2048":["https:\/\/donesidrets.uab.cat\/wp-content\/uploads\/2019\/05\/Ortega.jpg",480,270,false]},"uagb_author_info":{"display_name":"admin","author_link":"https:\/\/donesidrets.uab.cat\/index.php\/author\/admin\/"},"uagb_comment_info":0,"uagb_excerpt":"El passat dia 20 de setembre al Deganat de la Facultat de Dret, abans de la inauguraci\u00f3 oficial del curs 2017-2018","_links":{"self":[{"href":"https:\/\/donesidrets.uab.cat\/index.php\/wp-json\/wp\/v2\/posts\/2363","targetHints":{"allow":["GET"]}}],"collection":[{"href":"https:\/\/donesidrets.uab.cat\/index.php\/wp-json\/wp\/v2\/posts"}],"about":[{"href":"https:\/\/donesidrets.uab.cat\/index.php\/wp-json\/wp\/v2\/types\/post"}],"author":[{"embeddable":true,"href":"https:\/\/donesidrets.uab.cat\/index.php\/wp-json\/wp\/v2\/users\/1"}],"replies":[{"embeddable":true,"href":"https:\/\/donesidrets.uab.cat\/index.php\/wp-json\/wp\/v2\/comments?post=2363"}],"version-history":[{"count":2,"href":"https:\/\/donesidrets.uab.cat\/index.php\/wp-json\/wp\/v2\/posts\/2363\/revisions"}],"predecessor-version":[{"id":2369,"href":"https:\/\/donesidrets.uab.cat\/index.php\/wp-json\/wp\/v2\/posts\/2363\/revisions\/2369"}],"wp:featuredmedia":[{"embeddable":true,"href":"https:\/\/donesidrets.uab.cat\/index.php\/wp-json\/wp\/v2\/media\/2364"}],"wp:attachment":[{"href":"https:\/\/donesidrets.uab.cat\/index.php\/wp-json\/wp\/v2\/media?parent=2363"}],"wp:term":[{"taxonomy":"category","embeddable":true,"href":"https:\/\/donesidrets.uab.cat\/index.php\/wp-json\/wp\/v2\/categories?post=2363"},{"taxonomy":"post_tag","embeddable":true,"href":"https:\/\/donesidrets.uab.cat\/index.php\/wp-json\/wp\/v2\/tags?post=2363"}],"curies":[{"name":"wp","href":"https:\/\/api.w.org\/{rel}","templated":true}]}}