{"id":255,"date":"2009-03-27T12:31:30","date_gmt":"2009-03-27T12:31:30","guid":{"rendered":"https:\/\/websitedemos.net\/sierra-industry-02\/?p=255"},"modified":"2019-05-23T11:04:56","modified_gmt":"2019-05-23T11:04:56","slug":"vii-jornada-2009","status":"publish","type":"post","link":"https:\/\/donesidrets.uab.cat\/index.php\/2009\/03\/27\/vii-jornada-2009\/","title":{"rendered":"VII Jornada (2009)"},"content":{"rendered":"\n<p class=\"has-drop-cap\"> El Grup Dones i Drets i el <a rel=\"noreferrer noopener\" aria-label=\"Centre Ant\u00edgona (s'obre en una nova pestanya)\" href=\"http:\/\/antigona.uab.cat\/\" target=\"_blank\">Centre Ant\u00edgona<\/a> (Grup de Recerca de Drets i Societat en Perspectiva de G\u00e8nere) de la UAB van organitzar les <em>VII Jornada de Dones i Drets i el I Congr\u00e9s Internacional Dret, G\u00e8nere, Igualtat<\/em> sobre els canvis que s&#8217;estan produint en les estructures jur\u00eddiques androc\u00e8ntriques, les noves formes de fam\u00edlia i els seus efectes en les dones. <\/p>\n\n\n\n<p>Totes dues activitats van tenir lloc els dies 2, 3 i 4 del mes de mar\u00e7 del 2009, coincidint amb el <strong>Dia Internacional de la Dona<\/strong>. Aquestes Jornades van mantenir la tem\u00e0tica jur\u00eddica i es van presentar com un espai de discussi\u00f3, intercanvi d\u2019idees i tend\u00e8ncies. Com a resultat d\u2019aquestes Jornades es van publicar els treballs en dos volums: el primer d\u2019ells es va presentar en format impr\u00e8s  i el segon en format digital. <\/p>\n\n\n\n<p><a href=\"http:\/\/ddd.uab.cat\/record\/88372\" target=\"_blank\" rel=\"noreferrer noopener\" aria-label=\"M\u00e9s informaci\u00f3 (s'obre en una nova pestanya)\">M\u00e9s informaci\u00f3<\/a><\/p>\n\n\n\n<p><\/p>\n\n\n\n<div class=\"wp-block-image\"><figure class=\"aligncenter\"><img loading=\"lazy\" decoding=\"async\" width=\"787\" height=\"292\" src=\"https:\/\/donesidrets.uab.cat\/wp-content\/uploads\/2018\/12\/TeclasG.png\" alt=\"\" class=\"wp-image-1818\" srcset=\"https:\/\/donesidrets.uab.cat\/wp-content\/uploads\/2018\/12\/TeclasG.png 787w, https:\/\/donesidrets.uab.cat\/wp-content\/uploads\/2018\/12\/TeclasG-300x111.png 300w, https:\/\/donesidrets.uab.cat\/wp-content\/uploads\/2018\/12\/TeclasG-768x285.png 768w\" sizes=\"auto, (max-width: 787px) 100vw, 787px\" \/><\/figure><\/div>\n","protected":false},"excerpt":{"rendered":"<p>El Grup Dones i Drets i el Centre Ant\u00edgona de la UAB van organitzar les VII Jornada de Dones i Drets <\/p>\n","protected":false},"author":1,"featured_media":1818,"comment_status":"closed","ping_status":"open","sticky":false,"template":"","format":"standard","meta":{"_uag_custom_page_level_css":"","site-sidebar-layout":"no-sidebar","site-content-layout":"content-boxed-container","ast-site-content-layout":"","site-content-style":"default","site-sidebar-style":"default","ast-global-header-display":"","ast-banner-title-visibility":"","ast-main-header-display":"","ast-hfb-above-header-display":"","ast-hfb-below-header-display":"","ast-hfb-mobile-header-display":"","site-post-title":"","ast-breadcrumbs-content":"","ast-featured-img":"disabled","footer-sml-layout":"","theme-transparent-header-meta":"default","adv-header-id-meta":"","stick-header-meta":"","header-above-stick-meta":"","header-main-stick-meta":"","header-below-stick-meta":"","astra-migrate-meta-layouts":"default","ast-page-background-enabled":"default","ast-page-background-meta":{"desktop":{"background-color":"","background-image":"","background-repeat":"repeat","background-position":"center center","background-size":"auto","background-attachment":"scroll","background-type":"","background-media":"","overlay-type":"","overlay-color":"","overlay-opacity":"","overlay-gradient":""},"tablet":{"background-color":"","background-image":"","background-repeat":"repeat","background-position":"center center","background-size":"auto","background-attachment":"scroll","background-type":"","background-media":"","overlay-type":"","overlay-color":"","overlay-opacity":"","overlay-gradient":""},"mobile":{"background-color":"","background-image":"","background-repeat":"repeat","background-position":"center center","background-size":"auto","background-attachment":"scroll","background-type":"","background-media":"","overlay-type":"","overlay-color":"","overlay-opacity":"","overlay-gradient":""}},"ast-content-background-meta":{"desktop":{"background-color":"var(--ast-global-color-5)","background-image":"","background-repeat":"repeat","background-position":"center center","background-size":"auto","background-attachment":"scroll","background-type":"","background-media":"","overlay-type":"","overlay-color":"","overlay-opacity":"","overlay-gradient":""},"tablet":{"background-color":"var(--ast-global-color-5)","background-image":"","background-repeat":"repeat","background-position":"center center","background-size":"auto","background-attachment":"scroll","background-type":"","background-media":"","overlay-type":"","overlay-color":"","overlay-opacity":"","overlay-gradient":""},"mobile":{"background-color":"var(--ast-global-color-5)","background-image":"","background-repeat":"repeat","background-position":"center center","background-size":"auto","background-attachment":"scroll","background-type":"","background-media":"","overlay-type":"","overlay-color":"","overlay-opacity":"","overlay-gradient":""}},"footnotes":""},"categories":[5],"tags":[],"class_list":["post-255","post","type-post","status-publish","format-standard","has-post-thumbnail","hentry","category-jornades"],"uagb_featured_image_src":{"full":["https:\/\/donesidrets.uab.cat\/wp-content\/uploads\/2018\/12\/TeclasG.png",787,292,false],"thumbnail":["https:\/\/donesidrets.uab.cat\/wp-content\/uploads\/2018\/12\/TeclasG-150x150.png",150,150,true],"medium":["https:\/\/donesidrets.uab.cat\/wp-content\/uploads\/2018\/12\/TeclasG-300x111.png",300,111,true],"medium_large":["https:\/\/donesidrets.uab.cat\/wp-content\/uploads\/2018\/12\/TeclasG-768x285.png",768,285,true],"large":["https:\/\/donesidrets.uab.cat\/wp-content\/uploads\/2018\/12\/TeclasG.png",787,292,false],"1536x1536":["https:\/\/donesidrets.uab.cat\/wp-content\/uploads\/2018\/12\/TeclasG.png",787,292,false],"2048x2048":["https:\/\/donesidrets.uab.cat\/wp-content\/uploads\/2018\/12\/TeclasG.png",787,292,false]},"uagb_author_info":{"display_name":"admin","author_link":"https:\/\/donesidrets.uab.cat\/index.php\/author\/admin\/"},"uagb_comment_info":0,"uagb_excerpt":"El Grup Dones i Drets i el Centre Ant\u00edgona de la UAB van organitzar les VII Jornada de Dones i Drets","_links":{"self":[{"href":"https:\/\/donesidrets.uab.cat\/index.php\/wp-json\/wp\/v2\/posts\/255","targetHints":{"allow":["GET"]}}],"collection":[{"href":"https:\/\/donesidrets.uab.cat\/index.php\/wp-json\/wp\/v2\/posts"}],"about":[{"href":"https:\/\/donesidrets.uab.cat\/index.php\/wp-json\/wp\/v2\/types\/post"}],"author":[{"embeddable":true,"href":"https:\/\/donesidrets.uab.cat\/index.php\/wp-json\/wp\/v2\/users\/1"}],"replies":[{"embeddable":true,"href":"https:\/\/donesidrets.uab.cat\/index.php\/wp-json\/wp\/v2\/comments?post=255"}],"version-history":[{"count":8,"href":"https:\/\/donesidrets.uab.cat\/index.php\/wp-json\/wp\/v2\/posts\/255\/revisions"}],"predecessor-version":[{"id":1826,"href":"https:\/\/donesidrets.uab.cat\/index.php\/wp-json\/wp\/v2\/posts\/255\/revisions\/1826"}],"wp:featuredmedia":[{"embeddable":true,"href":"https:\/\/donesidrets.uab.cat\/index.php\/wp-json\/wp\/v2\/media\/1818"}],"wp:attachment":[{"href":"https:\/\/donesidrets.uab.cat\/index.php\/wp-json\/wp\/v2\/media?parent=255"}],"wp:term":[{"taxonomy":"category","embeddable":true,"href":"https:\/\/donesidrets.uab.cat\/index.php\/wp-json\/wp\/v2\/categories?post=255"},{"taxonomy":"post_tag","embeddable":true,"href":"https:\/\/donesidrets.uab.cat\/index.php\/wp-json\/wp\/v2\/tags?post=255"}],"curies":[{"name":"wp","href":"https:\/\/api.w.org\/{rel}","templated":true}]}}