{"id":2867,"date":"2023-03-14T10:30:00","date_gmt":"2023-03-14T10:30:00","guid":{"rendered":"https:\/\/donesidrets.uab.cat\/?p=2867"},"modified":"2023-03-15T07:38:25","modified_gmt":"2023-03-15T07:38:25","slug":"8-de-marc-de-2023","status":"publish","type":"post","link":"https:\/\/donesidrets.uab.cat\/index.php\/2023\/03\/14\/8-de-marc-de-2023\/","title":{"rendered":"8 de mar\u00e7 de 2023"},"content":{"rendered":"\n<p>8 de mar\u00e7 no \u00e9s tan sols un dia per a la mem\u00f2ria, tamb\u00e9 ho \u00e9s per a la reflexi\u00f3.<\/p>\n\n\n\n<p><\/p>\n\n\n\n<p>Mirem al passat i veiem realitats de desigualtat i discriminaci\u00f3 entre homes i dones. Tamb\u00e9 mirem al present i continuen les inequitats entre les persones per ra\u00f3 de la seva orientaci\u00f3 sexual o de la seva pertinen\u00e7a a un g\u00e8nere o per massa raons, i massa f\u00fatils, per a establir una difer\u00e8ncia. Aix\u00ed i tot, hem de mirar al futur per a projectar-nos de manera esperan\u00e7adora en nous escenaris d&#8217;equitat.<\/p>\n\n\n\n<p><\/p>\n\n\n\n<p>Com a juristes tenim una clara responsabilitat en el dir de les normes -en la seva interpretaci\u00f3- i en orientar perqu\u00e8 la seva aplicaci\u00f3 sigui m\u00e9s equitativa. Des de la universitat, a les aules, com a int\u00e8rprets, com a aplicadors, tenim el comprom\u00eds amb la igualtat perqu\u00e8 la llei, sent necess\u00e0ria, no sembla suficient. Encara que els mandats normatius s\u00f3n clars: igualtat i no discriminaci\u00f3 per ra\u00f3 de sexe o qualsevol altra condici\u00f3 o circumst\u00e0ncia personal o social, promoci\u00f3 de les condicions que facin a la igualtat i llibertat reals i efectives i remoci\u00f3 dels obstacles que les dificultin.<\/p>\n\n\n\n<p><\/p>\n\n\n\n<p>Aquestes idees -reitero- s\u00f3n mandats que demanden una bel\u00b7liger\u00e0ncia valorativa, fugen de la pretesa neutralitat del no fer. \u00c9s una bel\u00b7liger\u00e0ncia amb valors constitucionals, no amb ideologies subjectives, merament emotives i conjecturades com pretenen alguns. Precisament al contrari, la neutralitat i inacci\u00f3 davant als valors i mandats de promoci\u00f3 i remoci\u00f3 resulta una acci\u00f3 bel\u00b7ligerant que s&#8217;enfronta a ells.<\/p>\n\n\n\n<p><\/p>\n\n\n\n<p>En aquesta orientaci\u00f3 no podem perdre l&#8217;ocasi\u00f3 per a posar en valor i visibilitzar algunes problem\u00e0tiques que de manera interdisciplin\u00e0ria vinculen diverses perspectives jur\u00eddiques. Els nous fen\u00f2mens com la intel\u00b7lig\u00e8ncia artificial, les realitats normatives que aborden l&#8217;\u00e0mbit laboral o penal amb les seves mobilitats, fluxos i refluxos, ens obliguen a ser cr\u00edtics i a veure qu\u00e8 succeeix amb les dones, els homes i els altres g\u00e8neres.<\/p>\n\n\n\n<p><\/p>\n\n\n\n<p>Sens dubte no basta la mem\u00f2ria del passat, no \u00e9s suficient la llei, per\u00f2 tampoc \u00e9s tolerable la neutralitat.<\/p>\n\n\n\n<p><\/p>\n\n\n\n<p><\/p>\n\n\n\n<p><strong>Miguel \u00c1ngel S\u00e1nchez Huete<\/strong><\/p>\n","protected":false},"excerpt":{"rendered":"<p>8 de mar\u00e7 no \u00e9s tan sols un dia per a la mem\u00f2ria, tamb\u00e9 ho \u00e9s per a la reflexi\u00f3. Mirem al passat i veiem realitats de desigualtat i discriminaci\u00f3 entre homes i dones. Tamb\u00e9 mirem al present i continuen les inequitats entre les persones per ra\u00f3 de la seva orientaci\u00f3 sexual o de la [&hellip;]<\/p>\n","protected":false},"author":1,"featured_media":2869,"comment_status":"closed","ping_status":"open","sticky":false,"template":"","format":"standard","meta":{"_uag_custom_page_level_css":"","site-sidebar-layout":"default","site-content-layout":"","ast-site-content-layout":"","site-content-style":"default","site-sidebar-style":"default","ast-global-header-display":"","ast-banner-title-visibility":"","ast-main-header-display":"","ast-hfb-above-header-display":"","ast-hfb-below-header-display":"","ast-hfb-mobile-header-display":"","site-post-title":"","ast-breadcrumbs-content":"","ast-featured-img":"","footer-sml-layout":"","theme-transparent-header-meta":"","adv-header-id-meta":"","stick-header-meta":"","header-above-stick-meta":"","header-main-stick-meta":"","header-below-stick-meta":"","astra-migrate-meta-layouts":"default","ast-page-background-enabled":"default","ast-page-background-meta":{"desktop":{"background-color":"","background-image":"","background-repeat":"repeat","background-position":"center center","background-size":"auto","background-attachment":"scroll","background-type":"","background-media":"","overlay-type":"","overlay-color":"","overlay-opacity":"","overlay-gradient":""},"tablet":{"background-color":"","background-image":"","background-repeat":"repeat","background-position":"center center","background-size":"auto","background-attachment":"scroll","background-type":"","background-media":"","overlay-type":"","overlay-color":"","overlay-opacity":"","overlay-gradient":""},"mobile":{"background-color":"","background-image":"","background-repeat":"repeat","background-position":"center center","background-size":"auto","background-attachment":"scroll","background-type":"","background-media":"","overlay-type":"","overlay-color":"","overlay-opacity":"","overlay-gradient":""}},"ast-content-background-meta":{"desktop":{"background-color":"var(--ast-global-color-5)","background-image":"","background-repeat":"repeat","background-position":"center center","background-size":"auto","background-attachment":"scroll","background-type":"","background-media":"","overlay-type":"","overlay-color":"","overlay-opacity":"","overlay-gradient":""},"tablet":{"background-color":"var(--ast-global-color-5)","background-image":"","background-repeat":"repeat","background-position":"center center","background-size":"auto","background-attachment":"scroll","background-type":"","background-media":"","overlay-type":"","overlay-color":"","overlay-opacity":"","overlay-gradient":""},"mobile":{"background-color":"var(--ast-global-color-5)","background-image":"","background-repeat":"repeat","background-position":"center center","background-size":"auto","background-attachment":"scroll","background-type":"","background-media":"","overlay-type":"","overlay-color":"","overlay-opacity":"","overlay-gradient":""}},"footnotes":""},"categories":[9],"tags":[],"class_list":["post-2867","post","type-post","status-publish","format-standard","has-post-thumbnail","hentry","category-les-nostres-activitats-i-el-nostre-entorn"],"uagb_featured_image_src":{"full":["https:\/\/donesidrets.uab.cat\/wp-content\/uploads\/2023\/03\/8M.jpg",600,402,false],"thumbnail":["https:\/\/donesidrets.uab.cat\/wp-content\/uploads\/2023\/03\/8M-150x150.jpg",150,150,true],"medium":["https:\/\/donesidrets.uab.cat\/wp-content\/uploads\/2023\/03\/8M-300x201.jpg",300,201,true],"medium_large":["https:\/\/donesidrets.uab.cat\/wp-content\/uploads\/2023\/03\/8M.jpg",600,402,false],"large":["https:\/\/donesidrets.uab.cat\/wp-content\/uploads\/2023\/03\/8M.jpg",600,402,false],"1536x1536":["https:\/\/donesidrets.uab.cat\/wp-content\/uploads\/2023\/03\/8M.jpg",600,402,false],"2048x2048":["https:\/\/donesidrets.uab.cat\/wp-content\/uploads\/2023\/03\/8M.jpg",600,402,false]},"uagb_author_info":{"display_name":"admin","author_link":"https:\/\/donesidrets.uab.cat\/index.php\/author\/admin\/"},"uagb_comment_info":0,"uagb_excerpt":"8 de mar\u00e7 no \u00e9s tan sols un dia per a la mem\u00f2ria, tamb\u00e9 ho \u00e9s per a la reflexi\u00f3. Mirem al passat i veiem realitats de desigualtat i discriminaci\u00f3 entre homes i dones. Tamb\u00e9 mirem al present i continuen les inequitats entre les persones per ra\u00f3 de la seva orientaci\u00f3 sexual o de la&hellip;","_links":{"self":[{"href":"https:\/\/donesidrets.uab.cat\/index.php\/wp-json\/wp\/v2\/posts\/2867","targetHints":{"allow":["GET"]}}],"collection":[{"href":"https:\/\/donesidrets.uab.cat\/index.php\/wp-json\/wp\/v2\/posts"}],"about":[{"href":"https:\/\/donesidrets.uab.cat\/index.php\/wp-json\/wp\/v2\/types\/post"}],"author":[{"embeddable":true,"href":"https:\/\/donesidrets.uab.cat\/index.php\/wp-json\/wp\/v2\/users\/1"}],"replies":[{"embeddable":true,"href":"https:\/\/donesidrets.uab.cat\/index.php\/wp-json\/wp\/v2\/comments?post=2867"}],"version-history":[{"count":2,"href":"https:\/\/donesidrets.uab.cat\/index.php\/wp-json\/wp\/v2\/posts\/2867\/revisions"}],"predecessor-version":[{"id":2899,"href":"https:\/\/donesidrets.uab.cat\/index.php\/wp-json\/wp\/v2\/posts\/2867\/revisions\/2899"}],"wp:featuredmedia":[{"embeddable":true,"href":"https:\/\/donesidrets.uab.cat\/index.php\/wp-json\/wp\/v2\/media\/2869"}],"wp:attachment":[{"href":"https:\/\/donesidrets.uab.cat\/index.php\/wp-json\/wp\/v2\/media?parent=2867"}],"wp:term":[{"taxonomy":"category","embeddable":true,"href":"https:\/\/donesidrets.uab.cat\/index.php\/wp-json\/wp\/v2\/categories?post=2867"},{"taxonomy":"post_tag","embeddable":true,"href":"https:\/\/donesidrets.uab.cat\/index.php\/wp-json\/wp\/v2\/tags?post=2867"}],"curies":[{"name":"wp","href":"https:\/\/api.w.org\/{rel}","templated":true}]}}